{"id":236,"date":"2017-01-28T22:45:37","date_gmt":"2017-01-28T22:45:37","guid":{"rendered":"http:\/\/azishantell.no\/?p=236"},"modified":"2017-01-28T22:45:37","modified_gmt":"2017-01-28T22:45:37","slug":"energien-i-det-siste-har-vaert-sa-intens","status":"publish","type":"post","link":"https:\/\/blogazadehazari.com\/index.php\/2017\/01\/28\/energien-i-det-siste-har-vaert-sa-intens\/","title":{"rendered":"Energien i det siste har v\u00e6rt s\u00e5 intens"},"content":{"rendered":"<p>Jeg har lagt merke til energien har v\u00e6rt s\u00e5 intens siste tiden. Det er rart \u00e5 tenke p\u00e5 hvor langt vi har egentlig kommet i menneskeheten historie. Men likevel s\u00e5 er det fortsatt mennesker der ute som \u00a0sitter og holder igjen p\u00e5 gamle utdaterte m\u00e5ter \u00e5 tenke p\u00e5.<\/p>\n<p>Denne energien som har formet seg etter all styret med usa. Ja jeg velger \u00e5 skrive usa med sm\u00e5 bokstaver fra n\u00e5 av. \ud83d\ude09<\/p>\n<p>Jeg skj\u00f8nner b\u00e5de mitt og andre slike som meg, v\u00e5res budskap kommer til \u00e5 bli mer akseptert av de neste generasjonene enn disse som lever n\u00e5.<\/p>\n<p>Men likevel hvorfor er det en utfordring at mennesker selv de minst uopplyste der ute. Eller de med makt. Kan v\u00e6re s\u00e5 totalt borte vekk i fra se ting slik som det er. Dem som vil leve i en slags illusjon om \u00e5 drepe, hate og gj\u00f8r mest mulig skade er tingen for \u00e5 kunne overleve. Hva som gj\u00f8r at noen kan v\u00e6re s\u00e5 langt bak i \u00a0menneskehetens utvikling?<br \/>\nJeg velger n\u00e5 \u00e5 tro at vi mennesker har utviklet oss enormt for jeg ser flere som tar aff\u00e6re med \u00e5 leve mer n\u00f8ytralt og milj\u00f8messig bedre liv.<br \/>\nMen kanskje er for milj\u00f8et jeg \u00f8nsker selv \u00e5 befinne meg i er mer opplyst p\u00e5 denne kanalen enn dem som lever i evig fornektelse.<\/p>\n<p>Det vi har fokus p\u00e5 det blir mer av. Har vi fokus p\u00e5 hat, p\u00e5 urett, p\u00e5 mistillit, p\u00e5 mistro, p\u00e5 ulykke, p\u00e5 krig og elendighet. Jo mer dritt vil det dale ned.<\/p>\n<p>Men hvis vi snur vekk v\u00e5rt fokus begynner heller \u00e5 g\u00e5 innover. Se f\u00f8rst inn i seg selv. Finne roen, kjenne etter pusten. St\u00e5 st\u00f8tt p\u00e5 sine egne ben og bare senke skuldrene ned. Ha fokus p\u00e5 takknemlighet, kj\u00e6rlighet. Samtidig gj\u00f8r beviste valg med \u00e5 gj\u00f8re forskjell i hverdagen, trenger ikke \u00e5 v\u00e6re s\u00e5 mye med engang. Kanskje i l\u00f8pet av en dag s\u00e5 ta ett godt bevist valg. Bruke nettopp din stemme p\u00e5 \u00e5 gj\u00f8re det riktig. Om det er \u00e5 st\u00e5 opp og forsvare en. Eller kj\u00f8pe \u00f8kologisk, eller hjelpe noen som ikke har det like godt som deg. Eller bare det \u00e5 bevare roen i visse situasjoner.<\/p>\n<p>Jeg mener fast og bestemt den energien vi sender ut. Den blir fordoblet. Merker selv p\u00e5 gode dager hvor mange jeg smitter og p\u00e5 mindre gode dager. Hvor mange jeg smitter da.<br \/>\nVi er alle energi. Alt er energi. Og n\u00e5r vi vet alt dette, s\u00e5 hvorfor er det s\u00e5 vanskelig \u00e5 bare akseptere at energien vi sender ut vil p\u00e5virke milj\u00f8 og verden og menneskene, dyrene ALT rundt oss.<\/p>\n<p>En slik ubalanse med s\u00e5 mye intens sinna, irritasjon energi som herjer n\u00e5. Er det veldig viktig med flere som blir bevist p\u00e5 dette og tar en oppgj\u00f8r med seg selv og det en sender ut videre.<\/p>\n<p>Jeg v\u00e5kna nok engang fra st\u00f8y, jeg velger \u00e5 kalle det st\u00f8y. Jeg oppdaget at det er s\u00e5 mye godt som har g\u00e5tt meg hus forbi. Jeg kjenner jeg har ikke noe \u00f8nske om \u00e5 bli dratt inn i andre sin modell av verden. Jeg liker meg godt i min modell av verden. Og min modell av verden er riktig for meg. Slik som din er for deg. Men jeg liker meg mye bedre av \u00e5 v\u00e6re tilstede. Her og n\u00e5. Se livet med mine egne \u00f8yner. Jeg har \u00f8nske om \u00e5 bruke min stemme p\u00e5 min m\u00e5te uten at jeg trenger \u00e5 skrike h\u00f8yest. Men heller sm\u00e5 forandring i hverdagen som gj\u00f8r at jeg kan leve harmonisk med meg selv og mine n\u00e6rmeste for til syvende og sist s\u00e5 er det v\u00e5res n\u00e6rmeste vi \u00f8nsker at dem skal ha det bra. Og deres ve og vell som betyr mest for oss. Men samtidig \u00f8nsker \u00e5 gj\u00f8re gode gjerninger der ute for felleskapet, oss alle i denne verden likevel.<\/p>\n<p>&nbsp;<\/p>\n<p>Hva om n\u00e5r du er ferdig \u00e5 lese dette. S\u00e5 smiler du til deg selv og de neste 10 personene. Du sier Hei til noen du ikke kjenner. Du smiler enda mer til deg selv. La oss se om hvor mye vi kan forandre p\u00e5 energien som herjer n\u00e5 bare av \u00e5 sende god energier videre.<\/p>\n<p>Forandringer begynner med en selv. Hvis ingen \u00f8nsker \u00e5 ta ansvar for seg selv s\u00e5 hvem skal da ta ansvar for hvem etterhvert? S\u00e5 la oss begynne med oss selv. Forandre v\u00e5rt indre modell av verden. Kjenne p\u00e5 pusten og gi slipp p\u00e5 alt som tyngder oss. Gi slipp p\u00e5 alt som ikke er ment for oss. Men heller sikte p\u00e5 det gode siden av livet. Det positivet. Siden tross alt det som tyngder oss bringer oss ikke akkurat s\u00e5 mye fram i livet. S\u00e5 hva om vi bare ristet alt det av. Og s\u00e5 det vakre i det i \u00e5 leve. Det \u00e5 kunne eksistere her og n\u00e5. P\u00e5 denne tiden. N\u00e5 n\u00e5r vi driver og lager historie.<\/p>\n<p>&nbsp;<\/p>\n<p>Vi er jo med p\u00e5 de neste historie b\u00f8kene&#8230; La oss v\u00e6re dem som forandret alt til det bedre.. -:)<\/p>\n<p>&nbsp;<\/p>\n<p>&nbsp;<\/p>\n<p>&nbsp;<\/p>\n","protected":false},"excerpt":{"rendered":"<p>Jeg har lagt merke til energien har v\u00e6rt s\u00e5 intens siste tiden. Det er rart \u00e5 tenke p\u00e5 hvor langt vi har egentlig kommet i menneskeheten historie. Men likevel s\u00e5 er det fortsatt mennesker der ute som \u00a0sitter og holder igjen p\u00e5 gamle utdaterte m\u00e5ter \u00e5 tenke p\u00e5. Denne energien som har formet seg etter [&hellip;]<\/p>\n","protected":false},"author":2,"featured_media":0,"comment_status":"open","ping_status":"open","sticky":false,"template":"","format":"standard","meta":{"footnotes":""},"categories":[16],"tags":[23],"class_list":["post-236","post","type-post","status-publish","format-standard","hentry","category-livsveiledning-tips-og-rad","tag-energi"],"_links":{"self":[{"href":"https:\/\/blogazadehazari.com\/index.php\/wp-json\/wp\/v2\/posts\/236","targetHints":{"allow":["GET"]}}],"collection":[{"href":"https:\/\/blogazadehazari.com\/index.php\/wp-json\/wp\/v2\/posts"}],"about":[{"href":"https:\/\/blogazadehazari.com\/index.php\/wp-json\/wp\/v2\/types\/post"}],"author":[{"embeddable":true,"href":"https:\/\/blogazadehazari.com\/index.php\/wp-json\/wp\/v2\/users\/2"}],"replies":[{"embeddable":true,"href":"https:\/\/blogazadehazari.com\/index.php\/wp-json\/wp\/v2\/comments?post=236"}],"version-history":[{"count":0,"href":"https:\/\/blogazadehazari.com\/index.php\/wp-json\/wp\/v2\/posts\/236\/revisions"}],"wp:attachment":[{"href":"https:\/\/blogazadehazari.com\/index.php\/wp-json\/wp\/v2\/media?parent=236"}],"wp:term":[{"taxonomy":"category","embeddable":true,"href":"https:\/\/blogazadehazari.com\/index.php\/wp-json\/wp\/v2\/categories?post=236"},{"taxonomy":"post_tag","embeddable":true,"href":"https:\/\/blogazadehazari.com\/index.php\/wp-json\/wp\/v2\/tags?post=236"}],"curies":[{"name":"wp","href":"https:\/\/api.w.org\/{rel}","templated":true}]}}